{"id":2420,"date":"2026-09-01T21:02:28","date_gmt":"2026-09-01T19:02:28","guid":{"rendered":"https:\/\/stowbial.pl\/?p=2420"},"modified":"2026-09-01T21:04:01","modified_gmt":"2026-09-01T19:04:01","slug":"spotkanie","status":"publish","type":"post","link":"https:\/\/stowbial.pl\/?p=2420","title":{"rendered":"SPOTKANIE"},"content":{"rendered":"\n<blockquote class=\"wp-block-quote is-layout-flow wp-block-quote-is-layout-flow\">\n<p align=\"justify\"><span class=\"x193iq5w xeuugli x13faqbe x1vvkbs x1xmvt09 x1lliihq x1s928wv xhkezso x1gmr53x x1cpjm7i x1fgarty x1943h6x xudqn12 x3x7a5m x6prxxf xvq8zen xo1l8bm xzsf02u x1yc453h\" dir=\"auto\"><em>Dzi\u015b cz\u0142onkowie Stowarzyszenia Senioralnego ,,Sami Sobie&#8221; w Bia\u0142aczowie spotkali si\u0119 z cz\u0119\u015bci\u0105 rodziny Broel Plater tj. z c\u00f3rk\u0105 Marii Ludwiki i jej wnukiem. Spotkaniu towarzyszy\u0142y wspomnienia. Om\u00f3wiono te\u017c formy wsp\u00f3\u0142pracy, w ramach opieki Stowarzyszenia nad t\u0105 cz\u0119\u015bci\u0105 nekropolii, na kt\u00f3rej pochowani s\u0105 Platerowie, Rostworowscy, Mycielscy.<\/em> <\/span><\/p>\n<\/blockquote>\n\n\n\n<figure class=\"wp-block-image size-large\"><img loading=\"lazy\" decoding=\"async\" width=\"1024\" height=\"587\" src=\"https:\/\/stowbial.pl\/wp-content\/uploads\/2026\/09\/spotkanie_platerowie-1024x587.jpg\" alt=\"\" class=\"wp-image-2421\" srcset=\"https:\/\/stowbial.pl\/wp-content\/uploads\/2026\/09\/spotkanie_platerowie-1024x587.jpg 1024w, https:\/\/stowbial.pl\/wp-content\/uploads\/2026\/09\/spotkanie_platerowie-300x172.jpg 300w, https:\/\/stowbial.pl\/wp-content\/uploads\/2026\/09\/spotkanie_platerowie-768x440.jpg 768w, https:\/\/stowbial.pl\/wp-content\/uploads\/2026\/09\/spotkanie_platerowie-1536x880.jpg 1536w, https:\/\/stowbial.pl\/wp-content\/uploads\/2026\/09\/spotkanie_platerowie.jpg 2048w\" sizes=\"auto, (max-width: 1024px) 100vw, 1024px\" \/><\/figure>\n","protected":false},"excerpt":{"rendered":"<p>Dzi\u015b cz\u0142onkowie Stowarzyszenia Senioralnego ,,Sami Sobie&#8221; w Bia\u0142aczowie spotkali si\u0119 z cz\u0119\u015bci\u0105 rodziny Broel Plater tj. z c\u00f3rk\u0105 Marii Ludwiki i jej wnukiem. Spotkaniu towarzyszy\u0142y wspomnienia. Om\u00f3wiono te\u017c formy wsp\u00f3\u0142pracy, w ramach opieki Stowarzyszenia nad t\u0105 cz\u0119\u015bci\u0105 nekropolii, na kt\u00f3rej &hellip; <a href=\"https:\/\/stowbial.pl\/?p=2420\">Czytaj dalej <span class=\"meta-nav\">&rarr;<\/span><\/a><\/p>\n","protected":false},"author":1,"featured_media":0,"comment_status":"open","ping_status":"open","sticky":false,"template":"","format":"quote","meta":{"footnotes":""},"categories":[15,21,9],"tags":[],"class_list":["post-2420","post","type-post","status-publish","format-quote","hentry","category-historia","category-ludzie","category-miasto","post_format-post-format-quote"],"_links":{"self":[{"href":"https:\/\/stowbial.pl\/index.php?rest_route=\/wp\/v2\/posts\/2420","targetHints":{"allow":["GET"]}}],"collection":[{"href":"https:\/\/stowbial.pl\/index.php?rest_route=\/wp\/v2\/posts"}],"about":[{"href":"https:\/\/stowbial.pl\/index.php?rest_route=\/wp\/v2\/types\/post"}],"author":[{"embeddable":true,"href":"https:\/\/stowbial.pl\/index.php?rest_route=\/wp\/v2\/users\/1"}],"replies":[{"embeddable":true,"href":"https:\/\/stowbial.pl\/index.php?rest_route=%2Fwp%2Fv2%2Fcomments&post=2420"}],"version-history":[{"count":2,"href":"https:\/\/stowbial.pl\/index.php?rest_route=\/wp\/v2\/posts\/2420\/revisions"}],"predecessor-version":[{"id":2423,"href":"https:\/\/stowbial.pl\/index.php?rest_route=\/wp\/v2\/posts\/2420\/revisions\/2423"}],"wp:attachment":[{"href":"https:\/\/stowbial.pl\/index.php?rest_route=%2Fwp%2Fv2%2Fmedia&parent=2420"}],"wp:term":[{"taxonomy":"category","embeddable":true,"href":"https:\/\/stowbial.pl\/index.php?rest_route=%2Fwp%2Fv2%2Fcategories&post=2420"},{"taxonomy":"post_tag","embeddable":true,"href":"https:\/\/stowbial.pl\/index.php?rest_route=%2Fwp%2Fv2%2Ftags&post=2420"}],"curies":[{"name":"wp","href":"https:\/\/api.w.org\/{rel}","templated":true}]}}