{"id":1373,"date":"2016-12-08T11:29:28","date_gmt":"2016-12-08T11:29:28","guid":{"rendered":""},"modified":"-0001-11-30T00:00:00","modified_gmt":"-0001-11-29T22:00:00","slug":"Mo\u017cna jak si\u0119 chce.","status":"publish","type":"post","link":"https:\/\/stowbial.pl\/?p=1373","title":{"rendered":"Mo\u017cna jak si\u0119 chce."},"content":{"rendered":"<p><span style=\\'color:red\\'><\/p>\n<p align=\\'justify\\'>Od wielu lat pisz\u0119 o potrzebie wykorzystania walor\u00f3w turystycznych i przyrodniczych w gminie Bia\u0142acz\u00f3w, po to by zmieni\u0107 oblicze ,,tej ziemi\\&#8221;. Przecie\u017c ju\u017c dawno pogodzili\u015bmy si\u0119 z tym \u017ce nie ma szans na rozw\u00f3j rolnictwa i przemys\u0142u w naszej gminie. Niekt\u00f3rzy malkontenci, a s\u0105 w tej grupie tak\u017ce przedstawiciele  w\u0142adz gminnych i radni gminni, twierdz\u0105 od lat, \u017ce cytuj\u0119 ,,nie uda si\u0119\\&#8221;.Szanowni decydenci, je\u015bli tylko si\u0119 chce to wszystko mo\u017ce si\u0119 uda\u0107, ale warto przynajmniej spr\u00f3bowa\u0107. A tak, czas biegnie, \u015bwiat si\u0119 zmienia, kraj si\u0119 zmienia, tylko Bia\u0142acz\u00f3w zatrzyma\u0142 si\u0119 w czasie. Jedna z mieszkanek gminy,bardzo \u017ca\u0142uje swego powrotu z zagranicy i dodaje ,,Bia\u0142acz\u00f3w umiera\\&#8221;. Na dow\u00f3d tego \u017ce mo\u017cna jak si\u0119 chce jest poni\u017csza informacja o wielkim sukcesie W\u00f3jta gminy S\u0142awno i jego pracownik\u00f3w. Zazdro\u015bcimy i GRATULUJEMY <\/p>\n<p><span style=\\'color:blue\\'>Ps. Prosz\u0119 zwr\u00f3ci\u0107 uwag\u0119 na kreatywno\u015b\u0107 autor\u00f3w programu.<\/span><br \/>\nZ.S<\/span><\/p>\n<p><b><span style=\\'color:black\\'><br \/>\n<u>Gmina S\u0142awno otrzyma ponad 7 milion\u00f3w na rozw\u00f3j turystyki<\/u><\/p>\n<p>28 listopada 2016 roku podpisano umow\u0119 na dofinansowanie projektu pn. ?Wykorzystanie walor\u00f3w przyrodniczych i kulturowych do rozwoju gospodarki turystycznej w Gminie S\u0142awno?. Projekt zosta\u0142 wybrany do dofinansowania na podstawie Uchwa\u0142y podj\u0119tej przez Instytucj\u0119 Zarz\u0105dzaj\u0105c\u0105 w ramach Regionalnego Programu Operacyjnego Wojew\u00f3dztwa \u0141\u00f3dzkiego na lata 2014 ? 2020. <\/p>\n<p>Umowa zosta\u0142a podpisana w Urz\u0119dzie Marsza\u0142kowskim w \u0141odzi przez Marsza\u0142ka Wojew\u00f3dztwa \u0141\u00f3dzkiego Witolda St\u0119pnia, Wicemarsza\u0142ka Wojew\u00f3dztwa \u0141\u00f3dzkiego Artura Bagie\u0144skiego oraz W\u00f3jta Gminy S\u0142awno Tadeusza Wojciechowskiego w obecno\u015bci Cz\u0142onka Zarz\u0105du Wojew\u00f3dztwa \u0141\u00f3dzkiego Joanny Skrzydlewskiej.<\/p>\n<p>Warto\u015b\u0107 ca\u0142kowita projektu 10 406 307,70 z\u0142. z czego dofinansowanie z Regionalnego Programu Operacyjnego Wojew\u00f3dztwa \u0141\u00f3dzkiego 7 151 796,33 z\u0142.<\/p>\n<p>Przedmiotem projektu jest budowa i rozbudowa obiekt\u00f3w turystycznych wykorzystuj\u0105cych walory przyrodnicze i kulturowe Gminy S\u0142awno, stymuluj\u0105ce wzrost ruchu turystycznego oraz popularyzacj\u0119 istniej\u0105cych i nowo utworzonych produkt\u00f3w turystycznych. Otrzymane dofinansowanie w kwocie ponad 7 mln. z\u0142oty (7 214 197,97 PLN) pochodzi ze \u015brodk\u00f3w Unii Europejskiej w ramach Europejskiego Funduszu Rozwoju Regionalnego.<br \/>\n<\/span><\/b><\/p>\n","protected":false},"excerpt":{"rendered":"<p>Od wielu lat pisz\u0119 o potrzebie wykorzystania walor\u00f3w turystycznych i przyrodniczych w gminie Bia\u0142acz\u00f3w, po to by zmieni\u0107 oblicze ,,tej ziemi\\&#8221;. Przecie\u017c ju\u017c dawno pogodzili\u015bmy si\u0119 z tym \u017ce nie ma szans na rozw\u00f3j rolnictwa i przemys\u0142u w naszej gminie. &hellip; <a href=\"https:\/\/stowbial.pl\/?p=1373\">Czytaj dalej <span class=\"meta-nav\">&rarr;<\/span><\/a><\/p>\n","protected":false},"author":2,"featured_media":0,"comment_status":"closed","ping_status":"closed","sticky":false,"template":"","format":"standard","meta":{"footnotes":""},"categories":[],"tags":[],"class_list":["post-1373","post","type-post","status-publish","format-standard","hentry"],"_links":{"self":[{"href":"https:\/\/stowbial.pl\/index.php?rest_route=\/wp\/v2\/posts\/1373","targetHints":{"allow":["GET"]}}],"collection":[{"href":"https:\/\/stowbial.pl\/index.php?rest_route=\/wp\/v2\/posts"}],"about":[{"href":"https:\/\/stowbial.pl\/index.php?rest_route=\/wp\/v2\/types\/post"}],"author":[{"embeddable":true,"href":"https:\/\/stowbial.pl\/index.php?rest_route=\/wp\/v2\/users\/2"}],"replies":[{"embeddable":true,"href":"https:\/\/stowbial.pl\/index.php?rest_route=%2Fwp%2Fv2%2Fcomments&post=1373"}],"version-history":[{"count":0,"href":"https:\/\/stowbial.pl\/index.php?rest_route=\/wp\/v2\/posts\/1373\/revisions"}],"wp:attachment":[{"href":"https:\/\/stowbial.pl\/index.php?rest_route=%2Fwp%2Fv2%2Fmedia&parent=1373"}],"wp:term":[{"taxonomy":"category","embeddable":true,"href":"https:\/\/stowbial.pl\/index.php?rest_route=%2Fwp%2Fv2%2Fcategories&post=1373"},{"taxonomy":"post_tag","embeddable":true,"href":"https:\/\/stowbial.pl\/index.php?rest_route=%2Fwp%2Fv2%2Ftags&post=1373"}],"curies":[{"name":"wp","href":"https:\/\/api.w.org\/{rel}","templated":true}]}}